{"id":2902,"date":"2026-07-08T20:38:24","date_gmt":"2026-07-08T20:38:24","guid":{"rendered":"https:\/\/torredellestelleaielli.it\/?p=2902"},"modified":"2026-07-14T21:16:56","modified_gmt":"2026-07-14T21:16:56","slug":"la-sagra-della-scienza-2","status":"publish","type":"post","link":"https:\/\/torredellestelleaielli.it\/index.php\/2026\/07\/08\/la-sagra-della-scienza-2\/","title":{"rendered":"Eclissi Totale di Sole"},"content":{"rendered":"\n<h2 class=\"wp-block-heading\">Domenica 26 Luglio<\/h2>\n\n\n\n<p class=\"wp-block-paragraph\"><strong>Ore 18.00 Planetario di Aielli<\/strong><\/p>\n\n\n\n<p class=\"wp-block-paragraph\">Il 2026 ci regaler\u00e0 uno fenomeno astronomico&nbsp;unico: il&nbsp;<strong>giorno 12 agosto,<\/strong>&nbsp;al tramonto, potremo assistere a&nbsp;un&#8217;Eclissi Totale di Sole. Purtroppo dall&#8217;Italia non sar\u00e0 visibile nella sua fase massima, poich\u00e9 il Sole tramonter\u00e0 quando&nbsp; sar\u00e0 ancora parzialmente coperto. Secondo noi sar\u00e0 comunque uno spettacolo da non perdere.<\/p>\n\n\n<div class=\"wp-block-image\">\n<figure class=\"aligncenter size-large\"><img loading=\"lazy\" decoding=\"async\" width=\"1024\" height=\"687\" src=\"https:\/\/torredellestelleaielli.it\/wp-content\/uploads\/2026\/07\/westtexasken-sunset-3111553_1920-1024x687.jpg\" alt=\"\" class=\"wp-image-2919\" srcset=\"https:\/\/torredellestelleaielli.it\/wp-content\/uploads\/2026\/07\/westtexasken-sunset-3111553_1920-1024x687.jpg 1024w, https:\/\/torredellestelleaielli.it\/wp-content\/uploads\/2026\/07\/westtexasken-sunset-3111553_1920-300x201.jpg 300w, https:\/\/torredellestelleaielli.it\/wp-content\/uploads\/2026\/07\/westtexasken-sunset-3111553_1920-768x515.jpg 768w, https:\/\/torredellestelleaielli.it\/wp-content\/uploads\/2026\/07\/westtexasken-sunset-3111553_1920.jpg 1140w\" sizes=\"auto, (max-width: 1024px) 100vw, 1024px\" \/><\/figure>\n<\/div>\n\n\n<p class=\"wp-block-paragraph\"><strong>Domenica 26 luglio alle ore 18.00, presso il Planetario di Aielli, terremo un incontro aperto a tutti con ingresso libero, al fine di prepararci al meglio.<\/strong><\/p>\n\n\n\n<p class=\"wp-block-paragraph\">Cosa faremo<\/p>\n\n\n\n<ul class=\"wp-block-list\">\n<li><strong>Spiegheremo&nbsp;<\/strong>&nbsp;cos&#8217;\u00e8 un&#8217;Eclissi di Sole,&nbsp;quali saranno le condizioni geometriche dell&#8217;Eclissi del 12 agosto e da dove osservarla<\/li>\n\n\n\n<li><strong>Illustreremo<\/strong>&nbsp;le tecniche corrette per poter ammirare il fenomeno al sicuro, senza correre rischi per la vista<\/li>\n\n\n\n<li><strong>Affronteremo<\/strong>&nbsp;le tecniche da mettere in campo per fotografare l&#8217;Eclissi in tutta la sua bellezza<\/li>\n<\/ul>\n\n\n\n<p class=\"wp-block-paragraph\"><strong>Per partecipare all&#8217;incontro del 26 luglio\u00a0\u00e8 necessario prenotarsi inviando un whatsapp al numero 392.023.9904, oppure inviando una email a\u00a0info@torredellestelleaielli.it<\/strong><\/p>\n\n\n\n<p class=\"wp-block-paragraph\"><\/p>\n","protected":false},"excerpt":{"rendered":"<p>Domenica 26 Luglio Ore 18.00 Planetario di Aielli Il 2026 ci regaler\u00e0 uno fenomeno astronomico&nbsp;unico: il&nbsp;giorno 12 agosto,&nbsp;al tramonto, potremo assistere a&nbsp;un&#8217;Eclissi Totale di Sole. Purtroppo dall&#8217;Italia non sar\u00e0 visibile&hellip; <br \/> <a class=\"button small blue\" href=\"https:\/\/torredellestelleaielli.it\/index.php\/2026\/07\/08\/la-sagra-della-scienza-2\/\">Leggi tutto<\/a><\/p>\n","protected":false},"author":1,"featured_media":0,"comment_status":"open","ping_status":"","sticky":false,"template":"","format":"standard","meta":{"_price":"","_stock":"","_tribe_ticket_header":"","_tribe_default_ticket_provider":"","_tribe_ticket_capacity":"","_ticket_start_date":"","_ticket_end_date":"","_tribe_ticket_show_description":"","_tribe_ticket_show_not_going":false,"_tribe_ticket_use_global_stock":"","_tribe_ticket_global_stock_level":"","_global_stock_mode":"","_global_stock_cap":"","_tribe_rsvp_for_event":"","_tribe_ticket_going_count":"","_tribe_ticket_not_going_count":"","_tribe_tickets_list":"[]","_tribe_ticket_has_attendee_info_fields":false,"footnotes":""},"categories":[6],"tags":[],"class_list":["post-2902","post","type-post","status-publish","format-standard","hentry","category-eventi"],"_links":{"self":[{"href":"https:\/\/torredellestelleaielli.it\/index.php\/wp-json\/wp\/v2\/posts\/2902","targetHints":{"allow":["GET"]}}],"collection":[{"href":"https:\/\/torredellestelleaielli.it\/index.php\/wp-json\/wp\/v2\/posts"}],"about":[{"href":"https:\/\/torredellestelleaielli.it\/index.php\/wp-json\/wp\/v2\/types\/post"}],"author":[{"embeddable":true,"href":"https:\/\/torredellestelleaielli.it\/index.php\/wp-json\/wp\/v2\/users\/1"}],"replies":[{"embeddable":true,"href":"https:\/\/torredellestelleaielli.it\/index.php\/wp-json\/wp\/v2\/comments?post=2902"}],"version-history":[{"count":7,"href":"https:\/\/torredellestelleaielli.it\/index.php\/wp-json\/wp\/v2\/posts\/2902\/revisions"}],"predecessor-version":[{"id":2927,"href":"https:\/\/torredellestelleaielli.it\/index.php\/wp-json\/wp\/v2\/posts\/2902\/revisions\/2927"}],"wp:attachment":[{"href":"https:\/\/torredellestelleaielli.it\/index.php\/wp-json\/wp\/v2\/media?parent=2902"}],"wp:term":[{"taxonomy":"category","embeddable":true,"href":"https:\/\/torredellestelleaielli.it\/index.php\/wp-json\/wp\/v2\/categories?post=2902"},{"taxonomy":"post_tag","embeddable":true,"href":"https:\/\/torredellestelleaielli.it\/index.php\/wp-json\/wp\/v2\/tags?post=2902"}],"curies":[{"name":"wp","href":"https:\/\/api.w.org\/{rel}","templated":true}]}}